{"id":1356,"date":"2020-12-13T10:03:56","date_gmt":"2020-12-13T09:03:56","guid":{"rendered":"http:\/\/www.caivoghera.it\/wordpress\/?p=1356"},"modified":"2021-01-13T10:11:00","modified_gmt":"2021-01-13T09:11:00","slug":"dicembre-2020-lettera-aperta-di-rita","status":"publish","type":"post","link":"https:\/\/www.caivoghera.it\/wordpress\/index.php\/2020\/12\/13\/dicembre-2020-lettera-aperta-di-rita\/","title":{"rendered":"Dicembre 2020 \u2013 Lettera aperta di Rita"},"content":{"rendered":"<p>Cari amici e amiche,spesso a fine anno si fa un bilancio di ci\u00f2 che \u00e8 stato e vorrei approfittare di questa occasione per condividere con voi alcune riflessioni. Sono entrata a far parte di questo gruppo solo dallo scorso anno e il mio scopo era quello di poter fare delle escursioni in montagna unendomi a qualcuno che conoscesse i posti. Ho scelto il C.A.I. perch\u00e8 il fatto che sia una struttura di livello nazionale mi d\u00e0 un senso di garanzia, di sicurezza, di seriet\u00e0 e poi &#8230; il calendario delle escursioni era interessante! E non mi sbagliavo, perch\u00e8 ho trovato nei proponenti le gite e negli accompagnatori delle persone competenti e responsabili. Ma voglio ringraziare tutti quelli conosciuti in questi due anni, dal Presidente, ai Consiglieri, ai soci ed ai non soci incontrati durante le escursioni. Provenivo da un periodo difficile dal punto di vista emotivo e psicologico, dovuto alla malattia e alla morte dei miei genitori a distanza di un anno l&#8217;uno dall&#8217;altra, e camminare insieme a voi mi ha aiutato molto. Pur essendo l&#8217;ultima arrivata non mi sono mai sentita un &#8220;corpo estraneo&#8221;; durante l&#8217;escursione mi pu\u00f2 capitare di camminare immersa nei miei pensieri, senza partecipare ad un dialogo o a un discorso, ma senza sentirmi mai sola. Non ho mai avvertito forzature, ma in modo del tutto naturale mi sono sentita accolta e al termine di ogni escursione mi accorgo sempre di aver imparato qualcosa e questo grazie ai cenni storici o naturalistici da parte degli organizzatori, agli aneddoti, ma grazie anche alle esperienze personali di ognuno di voi, condivise durante una camminata. Siamo un gruppo eterogeneo, c&#8217;\u00e8 il pensionato e c&#8217;\u00e8 la casalinga, c&#8217;\u00e8 il lavoratore dipendente e quello autonomo, c&#8217;\u00e8 chi lavora nel pubblico e chi nel privato, e questa diversit\u00e0 rappresenta una ricchezza di esperienze che possono trasformarsi anche in consigli utili ad ognuno. Poi ho scoperto che non c&#8217;erano solo le escursioni. Ho deciso cos\u00ec di partecipare al corso di escursionismo per accrescere le mie conoscenze ed affrontare le escursioni con maggiore consapevolezza. Ringrazio chi ha saputo coinvolgermi nella realizzazione del nuovo sito web della sezione: anche se il mio \u00e8 un piccolo e parziale contributo \u00e8 sempre importante avere un obiettivo, un progetto da perseguire. Per questo ho accettato di collaborare anche al progetto Sentieri perch\u00e8 se insieme riusciamo a realizzare qualcosa di utile per tutti, allora la mia giornata, la mia attivit\u00e0 ha un senso. Se poi lo posso fare camminando in montagna all&#8217;aria aperta beh&#8230; \u00e8 ancora meglio! Purtroppo l&#8217;attuale situazione crea incertezza, discontinuit\u00e0 e l&#8217;impossibilit\u00e0 di pianificare e organizzare al meglio le attivit\u00e0 mi disturba molto. In parte per me il 2020 \u00e8 stato un anno sprecato, inutile, perso. Speriamo di poter riprendere presto a camminare tutti insieme condividendo gioie e dolori, ammirando e godendo quanto di bello c&#8217;\u00e8 intorno a noi.Io per ora vi ringrazio per tutto quello che mi avete dato. E che il prossimo anno sia migliore per tutti.<\/p>\n<p>AUGURI<\/p>\n<p>Rita<\/p>\n<p>&nbsp;<\/p>\n","protected":false},"excerpt":{"rendered":"Cari amici e amiche,spesso a fine anno si fa un bilancio di ci\u00f2 che \u00e8 stato e vorrei approfittare di questa occasione per condividere con voi alcune riflessioni. Sono entrata a far parte di questo gruppo solo dallo scorso anno e il mio scopo era quello di poter fare delle escursioni in montagna unendomi a&#8230; <a class=\"view-article\" href=\"https:\/\/www.caivoghera.it\/wordpress\/index.php\/2020\/12\/13\/dicembre-2020-lettera-aperta-di-rita\/\">Mostra articolo<\/a>","protected":false},"author":1,"featured_media":0,"comment_status":"closed","ping_status":"closed","sticky":false,"template":"","format":"standard","meta":{"footnotes":""},"categories":[27],"tags":[],"_links":{"self":[{"href":"https:\/\/www.caivoghera.it\/wordpress\/index.php\/wp-json\/wp\/v2\/posts\/1356"}],"collection":[{"href":"https:\/\/www.caivoghera.it\/wordpress\/index.php\/wp-json\/wp\/v2\/posts"}],"about":[{"href":"https:\/\/www.caivoghera.it\/wordpress\/index.php\/wp-json\/wp\/v2\/types\/post"}],"author":[{"embeddable":true,"href":"https:\/\/www.caivoghera.it\/wordpress\/index.php\/wp-json\/wp\/v2\/users\/1"}],"replies":[{"embeddable":true,"href":"https:\/\/www.caivoghera.it\/wordpress\/index.php\/wp-json\/wp\/v2\/comments?post=1356"}],"version-history":[{"count":2,"href":"https:\/\/www.caivoghera.it\/wordpress\/index.php\/wp-json\/wp\/v2\/posts\/1356\/revisions"}],"predecessor-version":[{"id":1358,"href":"https:\/\/www.caivoghera.it\/wordpress\/index.php\/wp-json\/wp\/v2\/posts\/1356\/revisions\/1358"}],"wp:attachment":[{"href":"https:\/\/www.caivoghera.it\/wordpress\/index.php\/wp-json\/wp\/v2\/media?parent=1356"}],"wp:term":[{"taxonomy":"category","embeddable":true,"href":"https:\/\/www.caivoghera.it\/wordpress\/index.php\/wp-json\/wp\/v2\/categories?post=1356"},{"taxonomy":"post_tag","embeddable":true,"href":"https:\/\/www.caivoghera.it\/wordpress\/index.php\/wp-json\/wp\/v2\/tags?post=1356"}],"curies":[{"name":"wp","href":"https:\/\/api.w.org\/{rel}","templated":true}]}}